{"id":9659,"date":"2023-05-23T16:52:15","date_gmt":"2023-05-23T16:52:15","guid":{"rendered":"https:\/\/asasocijacija.com\/?p=9659"},"modified":"2023-05-24T10:51:50","modified_gmt":"2023-05-24T10:51:50","slug":"appearance-on-rts-regarding-summer-camp-nis-2023","status":"publish","type":"post","link":"https:\/\/asasocijacija.com\/en\/appearance-on-rts-regarding-summer-camp-nis-2023\/","title":{"rendered":"Appearance on RTS regarding Summer Camp &#8211; Ni\u0161 2023"},"content":{"rendered":"<p>The Director of the Academic Serbian Association, <a href=\"https:\/\/asasocijacija.com\/team\/tamara-ciric\/\">Tamara \u0106iri\u0107<\/a>, announced on the state television channel RTS that a Serbian language learning camp will be organized for young people aged 18 and older, lasting for 10 days from July 28th to August 6th, 2023. Applications for this camp are open until June 20th, 2023.<\/p>\n<p><iframe loading=\"lazy\" title=\"Letnji kamp srpskog jezika u Ni\u0161u \u2013 Tamara \u0106iri\u0107 u emisiji \u201eSrbija na vezi\u201d (RTS, 18. 5. 2023)\" width=\"770\" height=\"433\" src=\"https:\/\/www.youtube.com\/embed\/9XrD1cRdQLs?feature=oembed\" frameborder=\"0\" allow=\"accelerometer; autoplay; clipboard-write; encrypted-media; gyroscope; picture-in-picture; web-share\" allowfullscreen><\/iframe><\/p>\n<p>Like previous years, the aim of this camp is to promote the Serbian language and Cyrillic script, as well as to connect young people from all over the world. Additionally, at the participants&#8217; request, foreigners will also be included this year, who will have the opportunity to learn Serbian as a foreign language.<\/p>\n<p><img loading=\"lazy\" decoding=\"async\" class=\"aligncenter size-medium wp-image-9655\" src=\"https:\/\/asasocijacija.com\/wp-content\/uploads\/2023\/05\/IMG-2f99f2c8265d7308c01475a152a973e2-V-300x225.jpg\" alt=\"\" width=\"300\" height=\"225\" srcset=\"https:\/\/asasocijacija.com\/wp-content\/uploads\/2023\/05\/IMG-2f99f2c8265d7308c01475a152a973e2-V-300x225.jpg 300w, https:\/\/asasocijacija.com\/wp-content\/uploads\/2023\/05\/IMG-2f99f2c8265d7308c01475a152a973e2-V-1024x768.jpg 1024w, https:\/\/asasocijacija.com\/wp-content\/uploads\/2023\/05\/IMG-2f99f2c8265d7308c01475a152a973e2-V-768x576.jpg 768w, https:\/\/asasocijacija.com\/wp-content\/uploads\/2023\/05\/IMG-2f99f2c8265d7308c01475a152a973e2-V-1536x1152.jpg 1536w, https:\/\/asasocijacija.com\/wp-content\/uploads\/2023\/05\/IMG-2f99f2c8265d7308c01475a152a973e2-V-600x450.jpg 600w, https:\/\/asasocijacija.com\/wp-content\/uploads\/2023\/05\/IMG-2f99f2c8265d7308c01475a152a973e2-V.jpg 1600w\" sizes=\"(max-width: 300px) 100vw, 300px\" \/><\/p>\n<p>The camp is organized in beautiful natural surroundings, where participants will have the opportunity to socialize and learn from expert teachers who have a long tradition of teaching foreigners and Serbs from the diaspora. In addition to learning Serbian language during the camp, numerous other activities will be organized to help participants better acquaint themselves with Serbian culture and tradition.<\/p>\n<p><img loading=\"lazy\" decoding=\"async\" class=\"aligncenter size-medium wp-image-9657\" src=\"https:\/\/asasocijacija.com\/wp-content\/uploads\/2023\/05\/IMG-e88cb57f0f6308135456938d2dd3a628-V-300x225.jpg\" alt=\"\" width=\"300\" height=\"225\" srcset=\"https:\/\/asasocijacija.com\/wp-content\/uploads\/2023\/05\/IMG-e88cb57f0f6308135456938d2dd3a628-V-300x225.jpg 300w, https:\/\/asasocijacija.com\/wp-content\/uploads\/2023\/05\/IMG-e88cb57f0f6308135456938d2dd3a628-V-1024x768.jpg 1024w, https:\/\/asasocijacija.com\/wp-content\/uploads\/2023\/05\/IMG-e88cb57f0f6308135456938d2dd3a628-V-768x576.jpg 768w, https:\/\/asasocijacija.com\/wp-content\/uploads\/2023\/05\/IMG-e88cb57f0f6308135456938d2dd3a628-V-1536x1152.jpg 1536w, https:\/\/asasocijacija.com\/wp-content\/uploads\/2023\/05\/IMG-e88cb57f0f6308135456938d2dd3a628-V-600x450.jpg 600w, https:\/\/asasocijacija.com\/wp-content\/uploads\/2023\/05\/IMG-e88cb57f0f6308135456938d2dd3a628-V.jpg 1600w\" sizes=\"(max-width: 300px) 100vw, 300px\" \/><\/p>\n<p>In short, this summer camp for Serbian as a native and foreign language is an ideal opportunity for those who want to master and perfect their knowledge of Serbian language and get to know the culture and traditions of Serbia. The registration deadline is June 20, 2023, so hurry up and <a href=\"https:\/\/asasocijacija.com\/en\/application-for-the-serbian-as-heritage-language-summer-camp\/\">sign up<\/a> for this unforgettable summer camp.<\/p>\n<p>Text prepared by: <a href=\"https:\/\/asasocijacija.com\/en\/team\/marko-radulovic\/\">Marko Radulovi\u0107<\/a><\/p>\n","protected":false},"excerpt":{"rendered":"<p>The Director of the Academic Serbian Association, Tamara \u0106iri\u0107, announced on the state television channel RTS that a Serbian language learning camp will be organized for young people aged 18 and older, lasting for 10 days from July 28th to August 6th, 2023. Applications for this camp are open until [&hellip;]<\/p>\n","protected":false},"author":11,"featured_media":9655,"comment_status":"open","ping_status":"open","sticky":false,"template":"","format":"standard","meta":{"_acf_changed":false,"footnotes":""},"categories":[33,22],"tags":[],"class_list":["post-9659","post","type-post","status-publish","format-standard","has-post-thumbnail","hentry","category-asa-in-media","category-uncategorized"],"acf":[],"yoast_head":"<!-- This site is optimized with the Yoast SEO plugin v23.4 - https:\/\/yoast.com\/wordpress\/plugins\/seo\/ -->\n<title>Appearance on RTS regarding Summer Camp - Ni\u0161 2023 | ASA<\/title>\n<meta name=\"description\" content=\"The Director of the Academic Serbian Association, Tamara \u0106iri\u0107, announced on the state television channel RTS that a Serbian language learning camp will be organized for young people aged 18 and older, lasting for 10 days from July 28th to August 6th, 2023. Applications for this camp are open until June 20th, 2023.\" \/>\n<meta name=\"robots\" content=\"index, follow, max-snippet:-1, max-image-preview:large, max-video-preview:-1\" \/>\n<link rel=\"canonical\" href=\"https:\/\/asasocijacija.com\/en\/appearance-on-rts-regarding-summer-camp-nis-2023\/\" \/>\n<meta property=\"og:locale\" content=\"en_US\" \/>\n<meta property=\"og:type\" content=\"article\" \/>\n<meta property=\"og:title\" content=\"Appearance on RTS regarding Summer Camp - Ni\u0161 2023 | ASA\" \/>\n<meta property=\"og:description\" content=\"The Director of the Academic Serbian Association, Tamara \u0106iri\u0107, announced on the state television channel RTS that a Serbian language learning camp will be organized for young people aged 18 and older, lasting for 10 days from July 28th to August 6th, 2023. Applications for this camp are open until June 20th, 2023.\" \/>\n<meta property=\"og:url\" content=\"https:\/\/asasocijacija.com\/en\/appearance-on-rts-regarding-summer-camp-nis-2023\/\" \/>\n<meta property=\"og:site_name\" content=\"ASA\" \/>\n<meta property=\"article:published_time\" content=\"2023-05-23T16:52:15+00:00\" \/>\n<meta property=\"article:modified_time\" content=\"2023-05-24T10:51:50+00:00\" \/>\n<meta property=\"og:image\" content=\"https:\/\/asasocijacija.com\/wp-content\/uploads\/2023\/05\/IMG-2f99f2c8265d7308c01475a152a973e2-V.jpg\" \/>\n\t<meta property=\"og:image:width\" content=\"1600\" \/>\n\t<meta property=\"og:image:height\" content=\"1200\" \/>\n\t<meta property=\"og:image:type\" content=\"image\/jpeg\" \/>\n<meta name=\"author\" content=\"Tamara\" \/>\n<meta name=\"twitter:card\" content=\"summary_large_image\" \/>\n<meta name=\"twitter:label1\" content=\"Written by\" \/>\n\t<meta name=\"twitter:data1\" content=\"Tamara\" \/>\n\t<meta name=\"twitter:label2\" content=\"Est. reading time\" \/>\n\t<meta name=\"twitter:data2\" content=\"1 minute\" \/>\n<script type=\"application\/ld+json\" class=\"yoast-schema-graph\">{\"@context\":\"https:\/\/schema.org\",\"@graph\":[{\"@type\":\"WebPage\",\"@id\":\"https:\/\/asasocijacija.com\/en\/appearance-on-rts-regarding-summer-camp-nis-2023\/\",\"url\":\"https:\/\/asasocijacija.com\/en\/appearance-on-rts-regarding-summer-camp-nis-2023\/\",\"name\":\"Appearance on RTS regarding Summer Camp - Ni\u0161 2023 | ASA\",\"isPartOf\":{\"@id\":\"https:\/\/asasocijacija.com\/#website\"},\"primaryImageOfPage\":{\"@id\":\"https:\/\/asasocijacija.com\/en\/appearance-on-rts-regarding-summer-camp-nis-2023\/#primaryimage\"},\"image\":{\"@id\":\"https:\/\/asasocijacija.com\/en\/appearance-on-rts-regarding-summer-camp-nis-2023\/#primaryimage\"},\"thumbnailUrl\":\"https:\/\/asasocijacija.com\/wp-content\/uploads\/2023\/05\/IMG-2f99f2c8265d7308c01475a152a973e2-V.jpg\",\"datePublished\":\"2023-05-23T16:52:15+00:00\",\"dateModified\":\"2023-05-24T10:51:50+00:00\",\"author\":{\"@id\":\"https:\/\/asasocijacija.com\/#\/schema\/person\/1704c5a5b06a6233a874b867d2b9fea1\"},\"description\":\"The Director of the Academic Serbian Association, Tamara \u0106iri\u0107, announced on the state television channel RTS that a Serbian language learning camp will be organized for young people aged 18 and older, lasting for 10 days from July 28th to August 6th, 2023. Applications for this camp are open until June 20th, 2023.\",\"breadcrumb\":{\"@id\":\"https:\/\/asasocijacija.com\/en\/appearance-on-rts-regarding-summer-camp-nis-2023\/#breadcrumb\"},\"inLanguage\":\"en-US\",\"potentialAction\":[{\"@type\":\"ReadAction\",\"target\":[\"https:\/\/asasocijacija.com\/en\/appearance-on-rts-regarding-summer-camp-nis-2023\/\"]}]},{\"@type\":\"ImageObject\",\"inLanguage\":\"en-US\",\"@id\":\"https:\/\/asasocijacija.com\/en\/appearance-on-rts-regarding-summer-camp-nis-2023\/#primaryimage\",\"url\":\"https:\/\/asasocijacija.com\/wp-content\/uploads\/2023\/05\/IMG-2f99f2c8265d7308c01475a152a973e2-V.jpg\",\"contentUrl\":\"https:\/\/asasocijacija.com\/wp-content\/uploads\/2023\/05\/IMG-2f99f2c8265d7308c01475a152a973e2-V.jpg\",\"width\":1600,\"height\":1200},{\"@type\":\"BreadcrumbList\",\"@id\":\"https:\/\/asasocijacija.com\/en\/appearance-on-rts-regarding-summer-camp-nis-2023\/#breadcrumb\",\"itemListElement\":[{\"@type\":\"ListItem\",\"position\":1,\"name\":\"Home\",\"item\":\"https:\/\/asasocijacija.com\/en\/\"},{\"@type\":\"ListItem\",\"position\":2,\"name\":\"Appearance on RTS regarding Summer Camp &#8211; Ni\u0161 2023\"}]},{\"@type\":\"WebSite\",\"@id\":\"https:\/\/asasocijacija.com\/#website\",\"url\":\"https:\/\/asasocijacija.com\/\",\"name\":\"ASA\",\"description\":\"Akademska srpska asocijacija\",\"potentialAction\":[{\"@type\":\"SearchAction\",\"target\":{\"@type\":\"EntryPoint\",\"urlTemplate\":\"https:\/\/asasocijacija.com\/?s={search_term_string}\"},\"query-input\":{\"@type\":\"PropertyValueSpecification\",\"valueRequired\":true,\"valueName\":\"search_term_string\"}}],\"inLanguage\":\"en-US\"},{\"@type\":\"Person\",\"@id\":\"https:\/\/asasocijacija.com\/#\/schema\/person\/1704c5a5b06a6233a874b867d2b9fea1\",\"name\":\"Tamara\",\"image\":{\"@type\":\"ImageObject\",\"inLanguage\":\"en-US\",\"@id\":\"https:\/\/asasocijacija.com\/#\/schema\/person\/image\/\",\"url\":\"https:\/\/secure.gravatar.com\/avatar\/80f7c73da2af2d82c2c8c7703b25feb0?s=96&d=mm&r=g\",\"contentUrl\":\"https:\/\/secure.gravatar.com\/avatar\/80f7c73da2af2d82c2c8c7703b25feb0?s=96&d=mm&r=g\",\"caption\":\"Tamara\"},\"url\":\"https:\/\/asasocijacija.com\/en\/author\/tamara\/\"}]}<\/script>\n<!-- \/ Yoast SEO plugin. -->","yoast_head_json":{"title":"Appearance on RTS regarding Summer Camp - Ni\u0161 2023 | ASA","description":"The Director of the Academic Serbian Association, Tamara \u0106iri\u0107, announced on the state television channel RTS that a Serbian language learning camp will be organized for young people aged 18 and older, lasting for 10 days from July 28th to August 6th, 2023. Applications for this camp are open until June 20th, 2023.","robots":{"index":"index","follow":"follow","max-snippet":"max-snippet:-1","max-image-preview":"max-image-preview:large","max-video-preview":"max-video-preview:-1"},"canonical":"https:\/\/asasocijacija.com\/en\/appearance-on-rts-regarding-summer-camp-nis-2023\/","og_locale":"en_US","og_type":"article","og_title":"Appearance on RTS regarding Summer Camp - Ni\u0161 2023 | ASA","og_description":"The Director of the Academic Serbian Association, Tamara \u0106iri\u0107, announced on the state television channel RTS that a Serbian language learning camp will be organized for young people aged 18 and older, lasting for 10 days from July 28th to August 6th, 2023. Applications for this camp are open until June 20th, 2023.","og_url":"https:\/\/asasocijacija.com\/en\/appearance-on-rts-regarding-summer-camp-nis-2023\/","og_site_name":"ASA","article_published_time":"2023-05-23T16:52:15+00:00","article_modified_time":"2023-05-24T10:51:50+00:00","og_image":[{"width":1600,"height":1200,"url":"https:\/\/asasocijacija.com\/wp-content\/uploads\/2023\/05\/IMG-2f99f2c8265d7308c01475a152a973e2-V.jpg","type":"image\/jpeg"}],"author":"Tamara","twitter_card":"summary_large_image","twitter_misc":{"Written by":"Tamara","Est. reading time":"1 minute"},"schema":{"@context":"https:\/\/schema.org","@graph":[{"@type":"WebPage","@id":"https:\/\/asasocijacija.com\/en\/appearance-on-rts-regarding-summer-camp-nis-2023\/","url":"https:\/\/asasocijacija.com\/en\/appearance-on-rts-regarding-summer-camp-nis-2023\/","name":"Appearance on RTS regarding Summer Camp - Ni\u0161 2023 | ASA","isPartOf":{"@id":"https:\/\/asasocijacija.com\/#website"},"primaryImageOfPage":{"@id":"https:\/\/asasocijacija.com\/en\/appearance-on-rts-regarding-summer-camp-nis-2023\/#primaryimage"},"image":{"@id":"https:\/\/asasocijacija.com\/en\/appearance-on-rts-regarding-summer-camp-nis-2023\/#primaryimage"},"thumbnailUrl":"https:\/\/asasocijacija.com\/wp-content\/uploads\/2023\/05\/IMG-2f99f2c8265d7308c01475a152a973e2-V.jpg","datePublished":"2023-05-23T16:52:15+00:00","dateModified":"2023-05-24T10:51:50+00:00","author":{"@id":"https:\/\/asasocijacija.com\/#\/schema\/person\/1704c5a5b06a6233a874b867d2b9fea1"},"description":"The Director of the Academic Serbian Association, Tamara \u0106iri\u0107, announced on the state television channel RTS that a Serbian language learning camp will be organized for young people aged 18 and older, lasting for 10 days from July 28th to August 6th, 2023. Applications for this camp are open until June 20th, 2023.","breadcrumb":{"@id":"https:\/\/asasocijacija.com\/en\/appearance-on-rts-regarding-summer-camp-nis-2023\/#breadcrumb"},"inLanguage":"en-US","potentialAction":[{"@type":"ReadAction","target":["https:\/\/asasocijacija.com\/en\/appearance-on-rts-regarding-summer-camp-nis-2023\/"]}]},{"@type":"ImageObject","inLanguage":"en-US","@id":"https:\/\/asasocijacija.com\/en\/appearance-on-rts-regarding-summer-camp-nis-2023\/#primaryimage","url":"https:\/\/asasocijacija.com\/wp-content\/uploads\/2023\/05\/IMG-2f99f2c8265d7308c01475a152a973e2-V.jpg","contentUrl":"https:\/\/asasocijacija.com\/wp-content\/uploads\/2023\/05\/IMG-2f99f2c8265d7308c01475a152a973e2-V.jpg","width":1600,"height":1200},{"@type":"BreadcrumbList","@id":"https:\/\/asasocijacija.com\/en\/appearance-on-rts-regarding-summer-camp-nis-2023\/#breadcrumb","itemListElement":[{"@type":"ListItem","position":1,"name":"Home","item":"https:\/\/asasocijacija.com\/en\/"},{"@type":"ListItem","position":2,"name":"Appearance on RTS regarding Summer Camp &#8211; Ni\u0161 2023"}]},{"@type":"WebSite","@id":"https:\/\/asasocijacija.com\/#website","url":"https:\/\/asasocijacija.com\/","name":"ASA","description":"Akademska srpska asocijacija","potentialAction":[{"@type":"SearchAction","target":{"@type":"EntryPoint","urlTemplate":"https:\/\/asasocijacija.com\/?s={search_term_string}"},"query-input":{"@type":"PropertyValueSpecification","valueRequired":true,"valueName":"search_term_string"}}],"inLanguage":"en-US"},{"@type":"Person","@id":"https:\/\/asasocijacija.com\/#\/schema\/person\/1704c5a5b06a6233a874b867d2b9fea1","name":"Tamara","image":{"@type":"ImageObject","inLanguage":"en-US","@id":"https:\/\/asasocijacija.com\/#\/schema\/person\/image\/","url":"https:\/\/secure.gravatar.com\/avatar\/80f7c73da2af2d82c2c8c7703b25feb0?s=96&d=mm&r=g","contentUrl":"https:\/\/secure.gravatar.com\/avatar\/80f7c73da2af2d82c2c8c7703b25feb0?s=96&d=mm&r=g","caption":"Tamara"},"url":"https:\/\/asasocijacija.com\/en\/author\/tamara\/"}]}},"post_mailing_queue_ids":[],"_links":{"self":[{"href":"https:\/\/asasocijacija.com\/en\/wp-json\/wp\/v2\/posts\/9659"}],"collection":[{"href":"https:\/\/asasocijacija.com\/en\/wp-json\/wp\/v2\/posts"}],"about":[{"href":"https:\/\/asasocijacija.com\/en\/wp-json\/wp\/v2\/types\/post"}],"author":[{"embeddable":true,"href":"https:\/\/asasocijacija.com\/en\/wp-json\/wp\/v2\/users\/11"}],"replies":[{"embeddable":true,"href":"https:\/\/asasocijacija.com\/en\/wp-json\/wp\/v2\/comments?post=9659"}],"version-history":[{"count":1,"href":"https:\/\/asasocijacija.com\/en\/wp-json\/wp\/v2\/posts\/9659\/revisions"}],"predecessor-version":[{"id":9660,"href":"https:\/\/asasocijacija.com\/en\/wp-json\/wp\/v2\/posts\/9659\/revisions\/9660"}],"wp:featuredmedia":[{"embeddable":true,"href":"https:\/\/asasocijacija.com\/en\/wp-json\/wp\/v2\/media\/9655"}],"wp:attachment":[{"href":"https:\/\/asasocijacija.com\/en\/wp-json\/wp\/v2\/media?parent=9659"}],"wp:term":[{"taxonomy":"category","embeddable":true,"href":"https:\/\/asasocijacija.com\/en\/wp-json\/wp\/v2\/categories?post=9659"},{"taxonomy":"post_tag","embeddable":true,"href":"https:\/\/asasocijacija.com\/en\/wp-json\/wp\/v2\/tags?post=9659"}],"curies":[{"name":"wp","href":"https:\/\/api.w.org\/{rel}","templated":true}]}}